{"id":722,"date":"2022-03-30T12:10:01","date_gmt":"2022-03-30T10:10:01","guid":{"rendered":"https:\/\/ra-stein-sonntag.de\/news\/?p=722"},"modified":"2022-03-30T12:10:01","modified_gmt":"2022-03-30T10:10:01","slug":"arbeitsrecht-erstaunliche-rechtsirrtuemer-wenn-ich-im-urlaub-in-corona-quarantaene-muss-wird-mir-der-urlaub-vom-arbeitgeber-nachgewaehrt-3","status":"publish","type":"post","link":"https:\/\/ra-stein-sonntag.de\/news\/2022\/03\/30\/arbeitsrecht-erstaunliche-rechtsirrtuemer-wenn-ich-im-urlaub-in-corona-quarantaene-muss-wird-mir-der-urlaub-vom-arbeitgeber-nachgewaehrt-3\/","title":{"rendered":"Arbeitsrecht: Erstaunliche Rechtsirrt\u00fcmer!        \u201eWenn ich im Urlaub in Corona-Quarant\u00e4ne muss, wird mir der Urlaub vom Arbeitgeber nachgew\u00e4hrt!\u201c"},"content":{"rendered":"\n<p>Diese Aussage ist falsch!<\/p>\n\n\n\n<p>Urlaub und Corona-Quarant\u00e4ne schlie\u00dfen sich nicht aus. Deshalb ist ein Urlaubstag in Quarant\u00e4ne auf den Urlaubsanspruch anrechenbar.<\/p>\n\n\n\n<p>In verschiedenen gesonderten F\u00e4llen mussten sich Arbeitnehmer:innen w\u00e4hrend ihres Urlaubs in Corona-Quarant\u00e4ne begeben, ohne eine Krankheit durch \u00e4rztliche Arbeitsunf\u00e4higkeitsbescheinigung nachzuweisen. Die Arbeitgeber:innen versagten die Nachgew\u00e4hrung der Urlaubstage w\u00e4hrend der Quarant\u00e4nezeit. Die Arbeitnehmer:innen argumentierten, der Urlaubsanspruch sei nicht gew\u00e4hrt worden, da die Corona-Quarant\u00e4ne ebenso wie die krankheitsbedingte Arbeitsunf\u00e4higkeit gleichbehandelt werden m\u00fcssten. Grunds\u00e4tzliche schlie\u00dft die Krankheit einen Urlaubsanspruch aus.<\/p>\n\n\n\n<p>Die dagegen gerichteten Klagen blieben erfolglos. Sowohl das LAG K\u00f6ln, Urt. 13.12.2021 (Az. 2 Sa 488\/21) als auch das LAG D\u00fcsseldorf, Urt. 15.10.2021 (Az. 7 Sa 857\/21) und das LAG Schleswig-Holstein, Urt. 15.02.2022 (Az. 1 Sa 208\/21) haben entschieden, dass die beh\u00f6rdliche Quarant\u00e4neanordnung einer \u00e4rztlichen Arbeitsunf\u00e4higkeitsbescheinigung nicht gleichstehe und eine analoge Gesetzesanwendung nicht in Betracht komme, da eine Quarant\u00e4ne nicht zwingend unmittelbar zu einer Arbeitsunf\u00e4higkeit f\u00fchre.<\/p>\n\n\n\n<p>Oliver Sonntag<br>Rechtsanwalt<br>Fachanwalt f\u00fcr Arbeitsrecht<\/p>\n","protected":false},"excerpt":{"rendered":"<p>Diese Aussage ist falsch! Urlaub und Corona-Quarant\u00e4ne schlie\u00dfen sich nicht aus. Deshalb ist ein Urlaubstag in Quarant\u00e4ne auf den Urlaubsanspruch [&hellip;]<\/p>\n","protected":false},"author":1,"featured_media":0,"comment_status":"closed","ping_status":"closed","sticky":false,"template":"","format":"standard","meta":[],"categories":[2],"tags":[92,5,85,16,81,45],"_links":{"self":[{"href":"https:\/\/ra-stein-sonntag.de\/news\/wp-json\/wp\/v2\/posts\/722"}],"collection":[{"href":"https:\/\/ra-stein-sonntag.de\/news\/wp-json\/wp\/v2\/posts"}],"about":[{"href":"https:\/\/ra-stein-sonntag.de\/news\/wp-json\/wp\/v2\/types\/post"}],"author":[{"embeddable":true,"href":"https:\/\/ra-stein-sonntag.de\/news\/wp-json\/wp\/v2\/users\/1"}],"replies":[{"embeddable":true,"href":"https:\/\/ra-stein-sonntag.de\/news\/wp-json\/wp\/v2\/comments?post=722"}],"version-history":[{"count":1,"href":"https:\/\/ra-stein-sonntag.de\/news\/wp-json\/wp\/v2\/posts\/722\/revisions"}],"predecessor-version":[{"id":723,"href":"https:\/\/ra-stein-sonntag.de\/news\/wp-json\/wp\/v2\/posts\/722\/revisions\/723"}],"wp:attachment":[{"href":"https:\/\/ra-stein-sonntag.de\/news\/wp-json\/wp\/v2\/media?parent=722"}],"wp:term":[{"taxonomy":"category","embeddable":true,"href":"https:\/\/ra-stein-sonntag.de\/news\/wp-json\/wp\/v2\/categories?post=722"},{"taxonomy":"post_tag","embeddable":true,"href":"https:\/\/ra-stein-sonntag.de\/news\/wp-json\/wp\/v2\/tags?post=722"}],"curies":[{"name":"wp","href":"https:\/\/api.w.org\/{rel}","templated":true}]}}