{"id":672,"date":"2022-02-08T12:50:24","date_gmt":"2022-02-08T11:50:24","guid":{"rendered":"https:\/\/ra-stein-sonntag.de\/news\/?p=672"},"modified":"2022-02-08T12:50:24","modified_gmt":"2022-02-08T11:50:24","slug":"arbeitsrecht-erstaunliche-rechtsirrtuemer-menschenverachtende-aeusserung-kann-mit-meinungsfreiheit-gerechtfertigt-werden-und-fuehrt-zur-unwirksamkeit-einer-fristlosen-kuendigung","status":"publish","type":"post","link":"https:\/\/ra-stein-sonntag.de\/news\/2022\/02\/08\/arbeitsrecht-erstaunliche-rechtsirrtuemer-menschenverachtende-aeusserung-kann-mit-meinungsfreiheit-gerechtfertigt-werden-und-fuehrt-zur-unwirksamkeit-einer-fristlosen-kuendigung\/","title":{"rendered":"Arbeitsrecht: Erstaunliche Rechtsirrt\u00fcmer          \u201eMenschenverachtende \u00c4u\u00dferung kann mit Meinungsfreiheit gerechtfertigt werden und f\u00fchrt zur Unwirksamkeit einer fristlosen K\u00fcndigung!\u201c"},"content":{"rendered":"\n<p>Diese Aussage ist falsch!<\/p>\n\n\n\n<p>Ein Arbeitnehmer hatte seinen dunkelheutigen Kollegen mit den Worten \u201eUgah, Ugah!\u201c betitelt. Der Arbeitgeber erkl\u00e4rte die fristlose K\u00fcndigung, da der Arbeitnehmer bereits wegen einschl\u00e4gigen Verhaltens vorher abgemahnt worden war. <\/p>\n\n\n\n<p>Sowohl das Arbeitsgericht als auch das Landesarbeitsgericht haben die K\u00fcndigung f\u00fcr rechtm\u00e4\u00dfig erkl\u00e4rt. Der klagende Arbeitnehmer hatte seine \u00c4u\u00dferung damit gerechtfertigt, dass der Umgangston untereinander rau sei. Zudem hat er sich auf seine Meinungsfreiheit gest\u00fctzt. Da die Arbeitsgerichte die K\u00fcndigung als rechtm\u00e4\u00dfig erachteten, hat der Arbeitnehmer Verfassungsbeschwerde erhoben. <\/p>\n\n\n\n<p>Das Bundesverfassungsgericht hat mit Beschluss vom 02.11.2020 (1 BvR 2727\/19) die Beschwerde abgelehnt und die Auffassung vertreten, die \u00c4u\u00dferung sei als menschenverachtende Diskriminierung zu werten und daher trete die Meinungsfreiheit im Rahmen einer Abw\u00e4gung hinter die Unantastbarkeit der Menschenw\u00fcrde zur\u00fcck. Die Menschenw\u00fcrde sei angetastet, wenn eine Person nicht als Mensch, sondern als Affe bezeichnet w\u00fcrde.<\/p>\n\n\n\n<p>Oliver Sonntag<br>Rechtsanwalt <br>Fachanwalt f\u00fcr Arbeitsrecht<\/p>\n","protected":false},"excerpt":{"rendered":"<p>Diese Aussage ist falsch! Ein Arbeitnehmer hatte seinen dunkelheutigen Kollegen mit den Worten \u201eUgah, Ugah!\u201c betitelt. Der Arbeitgeber erkl\u00e4rte die [&hellip;]<\/p>\n","protected":false},"author":1,"featured_media":0,"comment_status":"closed","ping_status":"closed","sticky":false,"template":"","format":"standard","meta":[],"categories":[2],"tags":[43],"_links":{"self":[{"href":"https:\/\/ra-stein-sonntag.de\/news\/wp-json\/wp\/v2\/posts\/672"}],"collection":[{"href":"https:\/\/ra-stein-sonntag.de\/news\/wp-json\/wp\/v2\/posts"}],"about":[{"href":"https:\/\/ra-stein-sonntag.de\/news\/wp-json\/wp\/v2\/types\/post"}],"author":[{"embeddable":true,"href":"https:\/\/ra-stein-sonntag.de\/news\/wp-json\/wp\/v2\/users\/1"}],"replies":[{"embeddable":true,"href":"https:\/\/ra-stein-sonntag.de\/news\/wp-json\/wp\/v2\/comments?post=672"}],"version-history":[{"count":1,"href":"https:\/\/ra-stein-sonntag.de\/news\/wp-json\/wp\/v2\/posts\/672\/revisions"}],"predecessor-version":[{"id":673,"href":"https:\/\/ra-stein-sonntag.de\/news\/wp-json\/wp\/v2\/posts\/672\/revisions\/673"}],"wp:attachment":[{"href":"https:\/\/ra-stein-sonntag.de\/news\/wp-json\/wp\/v2\/media?parent=672"}],"wp:term":[{"taxonomy":"category","embeddable":true,"href":"https:\/\/ra-stein-sonntag.de\/news\/wp-json\/wp\/v2\/categories?post=672"},{"taxonomy":"post_tag","embeddable":true,"href":"https:\/\/ra-stein-sonntag.de\/news\/wp-json\/wp\/v2\/tags?post=672"}],"curies":[{"name":"wp","href":"https:\/\/api.w.org\/{rel}","templated":true}]}}