{"id":628,"date":"2021-12-31T13:22:04","date_gmt":"2021-12-31T12:22:04","guid":{"rendered":"https:\/\/ra-stein-sonntag.de\/news\/?p=628"},"modified":"2021-12-31T13:22:04","modified_gmt":"2021-12-31T12:22:04","slug":"ab-16-03-2022-gilt-die-einrichtungsbezogene-impfpflicht","status":"publish","type":"post","link":"https:\/\/ra-stein-sonntag.de\/news\/2021\/12\/31\/ab-16-03-2022-gilt-die-einrichtungsbezogene-impfpflicht\/","title":{"rendered":"Ab 16.03.2022 gilt die einrichtungsbezogene Impfpflicht!"},"content":{"rendered":"\n<p>Am 10.12.2021 wurde das Gesetz zur St\u00e4rkung der Impfpr\u00e4vention gegen Covid-19 erlassen. Danach m\u00fcssen alle Besch\u00e4ftigten in z.B. Kliniken, Pflegeheimen, Rettungsdiensten und Arztpraxen den Arbeitgebenden bis zum 15.03.2022 den Nachweis \u00fcber eine abgeschlossene Impfung oder einen Genesungsnachweis oder ein \u00e4rztliche Attest, dass sie nicht geimpft werden k\u00f6nnen, vorlegen.<\/p>\n\n\n\n<p>Sodann haben die Arbeitgebenden den Nachweis zu pr\u00fcfen und bei Zweifeln an der Echtheit oder Richtigkeit der vorgelegten Nachweise oder bei Fehlen von Nachweisen das Gesundheitsamt zu informieren.<\/p>\n\n\n\n<p>Das Gesundheitsamt kann als Reaktion die Besch\u00e4ftigung oder den Zutritt der Einrichtung untersagen.<\/p>\n\n\n\n<p>Ab dem 16.03.2022 ist also eine Arbeitsaufnahme ohne Nachweis nicht mehr m\u00f6glich.<\/p>\n\n\n\n<p>Oliver Sonntag<br>Rechtsanwalt<br>Fachanwalt f\u00fcr Arbeitsrecht<\/p>\n","protected":false},"excerpt":{"rendered":"<p>Am 10.12.2021 wurde das Gesetz zur St\u00e4rkung der Impfpr\u00e4vention gegen Covid-19 erlassen. Danach m\u00fcssen alle Besch\u00e4ftigten in z.B. Kliniken, Pflegeheimen, [&hellip;]<\/p>\n","protected":false},"author":1,"featured_media":0,"comment_status":"closed","ping_status":"closed","sticky":false,"template":"","format":"standard","meta":[],"categories":[2],"tags":[5,32],"_links":{"self":[{"href":"https:\/\/ra-stein-sonntag.de\/news\/wp-json\/wp\/v2\/posts\/628"}],"collection":[{"href":"https:\/\/ra-stein-sonntag.de\/news\/wp-json\/wp\/v2\/posts"}],"about":[{"href":"https:\/\/ra-stein-sonntag.de\/news\/wp-json\/wp\/v2\/types\/post"}],"author":[{"embeddable":true,"href":"https:\/\/ra-stein-sonntag.de\/news\/wp-json\/wp\/v2\/users\/1"}],"replies":[{"embeddable":true,"href":"https:\/\/ra-stein-sonntag.de\/news\/wp-json\/wp\/v2\/comments?post=628"}],"version-history":[{"count":1,"href":"https:\/\/ra-stein-sonntag.de\/news\/wp-json\/wp\/v2\/posts\/628\/revisions"}],"predecessor-version":[{"id":629,"href":"https:\/\/ra-stein-sonntag.de\/news\/wp-json\/wp\/v2\/posts\/628\/revisions\/629"}],"wp:attachment":[{"href":"https:\/\/ra-stein-sonntag.de\/news\/wp-json\/wp\/v2\/media?parent=628"}],"wp:term":[{"taxonomy":"category","embeddable":true,"href":"https:\/\/ra-stein-sonntag.de\/news\/wp-json\/wp\/v2\/categories?post=628"},{"taxonomy":"post_tag","embeddable":true,"href":"https:\/\/ra-stein-sonntag.de\/news\/wp-json\/wp\/v2\/tags?post=628"}],"curies":[{"name":"wp","href":"https:\/\/api.w.org\/{rel}","templated":true}]}}