{"id":431,"date":"2020-10-23T09:22:27","date_gmt":"2020-10-23T07:22:27","guid":{"rendered":"https:\/\/ra-stein-sonntag.de\/news\/?p=431"},"modified":"2020-10-23T09:22:27","modified_gmt":"2020-10-23T07:22:27","slug":"arbeitsrecht-erstaunliche-rechtsirrtuemer-29-das-arbeitsverhaeltnis-endet-automatisch-mit-dem-bezug-von-altersrente","status":"publish","type":"post","link":"https:\/\/ra-stein-sonntag.de\/news\/2020\/10\/23\/arbeitsrecht-erstaunliche-rechtsirrtuemer-29-das-arbeitsverhaeltnis-endet-automatisch-mit-dem-bezug-von-altersrente\/","title":{"rendered":"Arbeitsrecht: Erstaunliche Rechtsirrt\u00fcmer! #29 \u201eDas Arbeitsverh\u00e4ltnis endet automatisch mit dem Bezug von Altersrente!\u201c"},"content":{"rendered":"\n<p>Diese Aussage ist falsch!<\/p>\n\n\n\n<p>Immer mehr Angestellte arbeiten auch noch im Rentenalter. Die Bundesagentur f\u00fcr Arbeit hat mitgeteilt, dass sich die Anzahl der sozialversicherungspflichtig Besch\u00e4ftigten im Alter \u00fcber 60 seit dem Jahr 2007 fast verdreifacht hat und auf mehr als 2,6 Millionen angestiegen ist. <\/p>\n\n\n\n<p>Immer mehr \u00e4ltere Angestellte wollen im Rentenalter noch am Erwerbsleben teilnehmen.<\/p>\n\n\n\n<p>Grunds\u00e4tzlich ist das Erreichen des Renteneintrittsalters zum Erwerb der Altersrente arbeitsrechtlich ohne Folgen f\u00fcr eine Beendigung. <\/p>\n\n\n\n<p>Ein unbefristetes Arbeitsverh\u00e4ltnis endet also nicht automatisch mit dem Erreichen des Renteneintrittsalters, sondern muss durch K\u00fcndigung oder Aufhebungsvertrag beendet werden. <\/p>\n\n\n\n<p>Zul\u00e4ssig sind auch Klauseln bei Abschluss des Arbeitsvertrages, wonach das Arbeitsverh\u00e4ltnis automatisch mit Erreichen des Renteneintrittsalters beendet wird, wenn eine ungek\u00fcrzten Altersrente bezogen wird. <\/p>\n\n\n\n<p>Oliver Sonntag<br>Rechtsanwalt<br>Fachanwalt f\u00fcr Arbeitsrecht<\/p>\n","protected":false},"excerpt":{"rendered":"<p>Diese Aussage ist falsch! Immer mehr Angestellte arbeiten auch noch im Rentenalter. Die Bundesagentur f\u00fcr Arbeit hat mitgeteilt, dass sich [&hellip;]<\/p>\n","protected":false},"author":1,"featured_media":0,"comment_status":"closed","ping_status":"closed","sticky":false,"template":"","format":"standard","meta":[],"categories":[2],"tags":[],"_links":{"self":[{"href":"https:\/\/ra-stein-sonntag.de\/news\/wp-json\/wp\/v2\/posts\/431"}],"collection":[{"href":"https:\/\/ra-stein-sonntag.de\/news\/wp-json\/wp\/v2\/posts"}],"about":[{"href":"https:\/\/ra-stein-sonntag.de\/news\/wp-json\/wp\/v2\/types\/post"}],"author":[{"embeddable":true,"href":"https:\/\/ra-stein-sonntag.de\/news\/wp-json\/wp\/v2\/users\/1"}],"replies":[{"embeddable":true,"href":"https:\/\/ra-stein-sonntag.de\/news\/wp-json\/wp\/v2\/comments?post=431"}],"version-history":[{"count":1,"href":"https:\/\/ra-stein-sonntag.de\/news\/wp-json\/wp\/v2\/posts\/431\/revisions"}],"predecessor-version":[{"id":432,"href":"https:\/\/ra-stein-sonntag.de\/news\/wp-json\/wp\/v2\/posts\/431\/revisions\/432"}],"wp:attachment":[{"href":"https:\/\/ra-stein-sonntag.de\/news\/wp-json\/wp\/v2\/media?parent=431"}],"wp:term":[{"taxonomy":"category","embeddable":true,"href":"https:\/\/ra-stein-sonntag.de\/news\/wp-json\/wp\/v2\/categories?post=431"},{"taxonomy":"post_tag","embeddable":true,"href":"https:\/\/ra-stein-sonntag.de\/news\/wp-json\/wp\/v2\/tags?post=431"}],"curies":[{"name":"wp","href":"https:\/\/api.w.org\/{rel}","templated":true}]}}