{"id":333,"date":"2020-02-28T07:02:25","date_gmt":"2020-02-28T06:02:25","guid":{"rendered":"https:\/\/ra-stein-sonntag.de\/news\/?p=333"},"modified":"2020-02-28T07:02:25","modified_gmt":"2020-02-28T06:02:25","slug":"arbeitsrecht-erstaunliche-rechtsirrtuemer-10-wenn-ich-im-urlaub-bin-darf-mich-der-arbeitgeber-nicht-kuendigen","status":"publish","type":"post","link":"https:\/\/ra-stein-sonntag.de\/news\/2020\/02\/28\/arbeitsrecht-erstaunliche-rechtsirrtuemer-10-wenn-ich-im-urlaub-bin-darf-mich-der-arbeitgeber-nicht-kuendigen\/","title":{"rendered":"Arbeitsrecht: Erstaunliche Rechtsirrt\u00fcmer! #10 \u201eWenn ich im Urlaub bin, darf mich der Arbeitgeber nicht k\u00fcndigen!\u201c"},"content":{"rendered":"\n<p>Diese Aussage ist nicht richtig!<\/p>\n\n\n\n<p>Der Urlaub bewirkt keine K\u00fcndigungssperre.<\/p>\n\n\n\n<p>Etwas anderes gilt auch dann nicht, wenn der Arbeitgeber von einem etwaigen mehrw\u00f6chigen Auslandsurlaub wusste. <\/p>\n\n\n\n<p>Es ist also dringend anzuraten, dass im Falle einer l\u00e4ngeren Urlaubsabwesenheit regelm\u00e4\u00dfig der Briefkasten geleert und die Eingangspost \u00fcberpr\u00fcft wird. <\/p>\n\n\n\n<p>Denn nach Zugang der K\u00fcndigung wird die 3-w\u00f6chige Klagefrist nach \u00a7 4 K\u00fcndigungsschutzgesetz in Gang gesetzt. Nach Ablauf dieser Frist gilt die K\u00fcndigung automatisch als rechtswirksam.<\/p>\n\n\n\n<p>Nur in sehr engen Ausnahmef\u00e4llen ist\ndie versp\u00e4tete K\u00fcndigungsschutzklage nachtr\u00e4glich mit einem speziellen Antrag noch\nm\u00f6glich.<\/p>\n\n\n\n<p>Oliver Sonntag <br>Rechtsanwalt <br>Fachanwalt f\u00fcr Arbeitsrecht<\/p>\n","protected":false},"excerpt":{"rendered":"<p>Diese Aussage ist nicht richtig! Der Urlaub bewirkt keine K\u00fcndigungssperre. Etwas anderes gilt auch dann nicht, wenn der Arbeitgeber von [&hellip;]<\/p>\n","protected":false},"author":1,"featured_media":0,"comment_status":"closed","ping_status":"closed","sticky":false,"template":"","format":"standard","meta":[],"categories":[2],"tags":[],"_links":{"self":[{"href":"https:\/\/ra-stein-sonntag.de\/news\/wp-json\/wp\/v2\/posts\/333"}],"collection":[{"href":"https:\/\/ra-stein-sonntag.de\/news\/wp-json\/wp\/v2\/posts"}],"about":[{"href":"https:\/\/ra-stein-sonntag.de\/news\/wp-json\/wp\/v2\/types\/post"}],"author":[{"embeddable":true,"href":"https:\/\/ra-stein-sonntag.de\/news\/wp-json\/wp\/v2\/users\/1"}],"replies":[{"embeddable":true,"href":"https:\/\/ra-stein-sonntag.de\/news\/wp-json\/wp\/v2\/comments?post=333"}],"version-history":[{"count":1,"href":"https:\/\/ra-stein-sonntag.de\/news\/wp-json\/wp\/v2\/posts\/333\/revisions"}],"predecessor-version":[{"id":334,"href":"https:\/\/ra-stein-sonntag.de\/news\/wp-json\/wp\/v2\/posts\/333\/revisions\/334"}],"wp:attachment":[{"href":"https:\/\/ra-stein-sonntag.de\/news\/wp-json\/wp\/v2\/media?parent=333"}],"wp:term":[{"taxonomy":"category","embeddable":true,"href":"https:\/\/ra-stein-sonntag.de\/news\/wp-json\/wp\/v2\/categories?post=333"},{"taxonomy":"post_tag","embeddable":true,"href":"https:\/\/ra-stein-sonntag.de\/news\/wp-json\/wp\/v2\/tags?post=333"}],"curies":[{"name":"wp","href":"https:\/\/api.w.org\/{rel}","templated":true}]}}