{"id":328,"date":"2020-02-18T14:39:52","date_gmt":"2020-02-18T13:39:52","guid":{"rendered":"https:\/\/ra-stein-sonntag.de\/news\/?p=328"},"modified":"2020-02-18T14:39:52","modified_gmt":"2020-02-18T13:39:52","slug":"arbeitsrecht-erstaunliche-rechtsirrtuemer-8-eine-kuendigung-ohne-vorherige-abmahnung-ist-unwirksam","status":"publish","type":"post","link":"https:\/\/ra-stein-sonntag.de\/news\/2020\/02\/18\/arbeitsrecht-erstaunliche-rechtsirrtuemer-8-eine-kuendigung-ohne-vorherige-abmahnung-ist-unwirksam\/","title":{"rendered":"Arbeitsrecht: Erstaunliche Rechtsirrt\u00fcmer! #8 \u201eEine K\u00fcndigung ohne vorherige Abmahnung ist unwirksam!\u201c"},"content":{"rendered":"\n<p>Diese Aussage ist nicht richtig. <\/p>\n\n\n\n<p>Denn f\u00fcr personenbedingte (insbesondere krankheitsbedingte) und betriebsbedingte K\u00fcndigungen ist eine Abmahnung ohne Bedeutung und wird nicht ben\u00f6tigt.<\/p>\n\n\n\n<p>Demgegen\u00fcber ist f\u00fcr eine verhaltensbedingte K\u00fcndigung eine vorherige Abmahnung in der Regel als Wirksamkeitsvoraussetzung zu beachten. Die Abmahnung erf\u00fcllt dann eine Warnfunktion, dass bei einer gleichartigen Pflichtverletzung im Wiederholungsfall die K\u00fcndigung droht.<\/p>\n\n\n\n<p>Nur in krassen Ausnahmef\u00e4llen ist\neine vorherige Abmahnung entbehrlich, z.B. dann, wenn der Arbeitnehmer auf\nkeinen Fall mit der Billigung seines Verhaltens rechnen durfte. Entbehrlich\nw\u00e4re eine Abmahnung etwa bei der Begehung einer schweren K\u00f6rperverletzung oder\neinem eigenm\u00e4chtigen Urlaubsantritt nach vorheriger Versagung eines\nUrlaubsantrages.<\/p>\n\n\n\n<p>Von diesen krassen Ausnahmef\u00e4llen\nabgesehen, ist also eine vorherige Abmahnung in der Regel auch vor Ausspruch\neiner fristlosen K\u00fcndigung Voraussetzung, da ansonsten keine negative\nZukunftsprognose f\u00fcr den Arbeitgeber dargelegt werden kann.<\/p>\n\n\n\n<p>Oliver Sonntag <br>Rechtsanwalt <br>Fachanwalt f\u00fcr Arbeitsrecht<\/p>\n","protected":false},"excerpt":{"rendered":"<p>Diese Aussage ist nicht richtig. Denn f\u00fcr personenbedingte (insbesondere krankheitsbedingte) und betriebsbedingte K\u00fcndigungen ist eine Abmahnung ohne Bedeutung und wird [&hellip;]<\/p>\n","protected":false},"author":1,"featured_media":0,"comment_status":"closed","ping_status":"closed","sticky":false,"template":"","format":"standard","meta":[],"categories":[2],"tags":[],"_links":{"self":[{"href":"https:\/\/ra-stein-sonntag.de\/news\/wp-json\/wp\/v2\/posts\/328"}],"collection":[{"href":"https:\/\/ra-stein-sonntag.de\/news\/wp-json\/wp\/v2\/posts"}],"about":[{"href":"https:\/\/ra-stein-sonntag.de\/news\/wp-json\/wp\/v2\/types\/post"}],"author":[{"embeddable":true,"href":"https:\/\/ra-stein-sonntag.de\/news\/wp-json\/wp\/v2\/users\/1"}],"replies":[{"embeddable":true,"href":"https:\/\/ra-stein-sonntag.de\/news\/wp-json\/wp\/v2\/comments?post=328"}],"version-history":[{"count":1,"href":"https:\/\/ra-stein-sonntag.de\/news\/wp-json\/wp\/v2\/posts\/328\/revisions"}],"predecessor-version":[{"id":329,"href":"https:\/\/ra-stein-sonntag.de\/news\/wp-json\/wp\/v2\/posts\/328\/revisions\/329"}],"wp:attachment":[{"href":"https:\/\/ra-stein-sonntag.de\/news\/wp-json\/wp\/v2\/media?parent=328"}],"wp:term":[{"taxonomy":"category","embeddable":true,"href":"https:\/\/ra-stein-sonntag.de\/news\/wp-json\/wp\/v2\/categories?post=328"},{"taxonomy":"post_tag","embeddable":true,"href":"https:\/\/ra-stein-sonntag.de\/news\/wp-json\/wp\/v2\/tags?post=328"}],"curies":[{"name":"wp","href":"https:\/\/api.w.org\/{rel}","templated":true}]}}