{"id":1621,"date":"2026-09-06T08:21:16","date_gmt":"2026-09-06T06:21:16","guid":{"rendered":"https:\/\/ra-stein-sonntag.de\/news\/?p=1621"},"modified":"2026-09-06T08:21:16","modified_gmt":"2026-09-06T06:21:16","slug":"eugh-ansprueche-auf-entschaedigung-bei-verspaetung-und-vorverlegung-2","status":"publish","type":"post","link":"https:\/\/ra-stein-sonntag.de\/news\/2026\/09\/06\/eugh-ansprueche-auf-entschaedigung-bei-verspaetung-und-vorverlegung-2\/","title":{"rendered":"EuGH: Anspr\u00fcche auf Entsch\u00e4digung bei Versp\u00e4tung und Vorverlegung!"},"content":{"rendered":"\n<p>Der Europ\u00e4ische Gerichtshof (EuGH) hat in mehreren Entscheidungen die Fluggastrechte gest\u00e4rkt und eine Entsch\u00e4digung auch dann zuerkannt, wenn der Flug um mehr als eine Stunde vorverlegt wird.<\/p>\n\n\n\n<p>Ein Flug ist als annulliert anzusehen, wenn das ausf\u00fchrende Luftfahrtunternehmen ihn um mehr als eine Stunde vorverlegt (EuGH, 21.12.2021, Rechtssachen C-146\/20, C-188\/20, C-196\/20, C-270\/20, C-263\/20). Denn dadurch werde den Flugg\u00e4sten die M\u00f6glichkeit genommen, frei \u00fcber ihre Zeit zu verf\u00fcgen. Abh\u00e4ngig von der Flugstrecke l\u00f6st die erhebliche Vorverlegung eine Entsch\u00e4digung von bis zu 600,00 \u20ac aus. Allerdings ist eine Entsch\u00e4digung ausgeschlossen, wenn die Fluggesellschaft mindestens zwei Wochen vor dem Abflug die Vorverlegung bekannt gibt. Ferner k\u00f6nnen noch k\u00fcrzere Fristen gelten, wenn ein alternativer Flug zu \u00e4hnlichen Zeiten angeboten wird.<\/p>\n\n\n\n<p>Oliver Sonntag<br>Rechtsanwalt<br>Fachanwalt f\u00fcr Verkehrsrecht<\/p>\n","protected":false},"excerpt":{"rendered":"<p>Der Europ\u00e4ische Gerichtshof (EuGH) hat in mehreren Entscheidungen die Fluggastrechte gest\u00e4rkt und eine Entsch\u00e4digung auch dann zuerkannt, wenn der Flug [&hellip;]<\/p>\n","protected":false},"author":1,"featured_media":0,"comment_status":"closed","ping_status":"closed","sticky":false,"template":"","format":"standard","meta":[],"categories":[2],"tags":[19,95,219],"_links":{"self":[{"href":"https:\/\/ra-stein-sonntag.de\/news\/wp-json\/wp\/v2\/posts\/1621"}],"collection":[{"href":"https:\/\/ra-stein-sonntag.de\/news\/wp-json\/wp\/v2\/posts"}],"about":[{"href":"https:\/\/ra-stein-sonntag.de\/news\/wp-json\/wp\/v2\/types\/post"}],"author":[{"embeddable":true,"href":"https:\/\/ra-stein-sonntag.de\/news\/wp-json\/wp\/v2\/users\/1"}],"replies":[{"embeddable":true,"href":"https:\/\/ra-stein-sonntag.de\/news\/wp-json\/wp\/v2\/comments?post=1621"}],"version-history":[{"count":1,"href":"https:\/\/ra-stein-sonntag.de\/news\/wp-json\/wp\/v2\/posts\/1621\/revisions"}],"predecessor-version":[{"id":1622,"href":"https:\/\/ra-stein-sonntag.de\/news\/wp-json\/wp\/v2\/posts\/1621\/revisions\/1622"}],"wp:attachment":[{"href":"https:\/\/ra-stein-sonntag.de\/news\/wp-json\/wp\/v2\/media?parent=1621"}],"wp:term":[{"taxonomy":"category","embeddable":true,"href":"https:\/\/ra-stein-sonntag.de\/news\/wp-json\/wp\/v2\/categories?post=1621"},{"taxonomy":"post_tag","embeddable":true,"href":"https:\/\/ra-stein-sonntag.de\/news\/wp-json\/wp\/v2\/tags?post=1621"}],"curies":[{"name":"wp","href":"https:\/\/api.w.org\/{rel}","templated":true}]}}