{"id":1502,"date":"2026-01-25T10:24:02","date_gmt":"2026-01-25T09:24:02","guid":{"rendered":"https:\/\/ra-stein-sonntag.de\/news\/?p=1502"},"modified":"2026-01-25T10:24:02","modified_gmt":"2026-01-25T09:24:02","slug":"arbeitsrecht-erstaunliche-rechtsirrtuemer-duschen-muss-als-arbeitszeit-nicht-verguetet-werden","status":"publish","type":"post","link":"https:\/\/ra-stein-sonntag.de\/news\/2026\/01\/25\/arbeitsrecht-erstaunliche-rechtsirrtuemer-duschen-muss-als-arbeitszeit-nicht-verguetet-werden\/","title":{"rendered":"Arbeitsrecht: Erstaunliche Rechtsirrt\u00fcmer! \u201eDuschen muss als Arbeitszeit nicht verg\u00fctet werden!\u201c"},"content":{"rendered":"\n<p>Diese Aussage ist nicht richtig. <\/p>\n\n\n\n<p>Grunds\u00e4tzlich werden Umkleide-, K\u00f6rperreinigungs- und Wegezeiten nicht als verg\u00fctungspflichtige Arbeitszeit anerkannt. <\/p>\n\n\n\n<p>Davon gibt es Ausnahmen. Das Bundesarbeitsgericht hat eine Ausnahme gekl\u00e4rt (BAG, Urteil 23.04.2024 &#8211; 5 AZR 212\/23). Danach z\u00e4hle nicht nur die eigentliche T\u00e4tigkeit, sondern jede vom Arbeitgeber verlangte sonstige T\u00e4tigkeit oder Ma\u00dfnahme, die mit der eigentlichen T\u00e4tigkeit oder der Art und Weise ihrer Erbringung unmittelbar zusammenh\u00e4nge zur verg\u00fctungspflichtigen Arbeitszeit. Insbesondere geh\u00f6re das An- und Ablegen einer vom Arbeitgeber vorgeschriebenen und nur im Betrieb zu tragenden Dienstkleidung zur verg\u00fctungspflichtigen Arbeitszeit. Gleiches gelte f\u00fcr die Wegezeit vom Umkleideraum zum Arbeitsplatz und zur\u00fcck. Letztlich seien auch die Zeiten zur K\u00f6perreinigung verg\u00fctungspflichtig, wenn sie mit der eigentlichen T\u00e4tigkeit oder der Art und Weise ihrer Erbringung unmittelbar zusammenh\u00e4ngen und es dem Arbeitnehmer wegen der eingetretenen Verschmutzung in der Regel unzumutbar sei, sich ungeduscht in der \u00d6ffentlichkeit zu bewegen oder in seinen PKW zu steigen. <\/p>\n\n\n\n<p>Ausnahmsweise sind auch Umkleide-, K\u00f6rperreinigungs- und Wegezeiten zu verg\u00fcten! <\/p>\n\n\n\n<p>Oliver Sonntag<br>Rechtsanwalt<br>Fachanwalt f\u00fcr Arbeitsrecht<\/p>\n","protected":false},"excerpt":{"rendered":"<p>Diese Aussage ist nicht richtig. Grunds\u00e4tzlich werden Umkleide-, K\u00f6rperreinigungs- und Wegezeiten nicht als verg\u00fctungspflichtige Arbeitszeit anerkannt. Davon gibt es Ausnahmen. [&hellip;]<\/p>\n","protected":false},"author":1,"featured_media":0,"comment_status":"closed","ping_status":"closed","sticky":false,"template":"","format":"standard","meta":[],"categories":[2],"tags":[271,19,95],"_links":{"self":[{"href":"https:\/\/ra-stein-sonntag.de\/news\/wp-json\/wp\/v2\/posts\/1502"}],"collection":[{"href":"https:\/\/ra-stein-sonntag.de\/news\/wp-json\/wp\/v2\/posts"}],"about":[{"href":"https:\/\/ra-stein-sonntag.de\/news\/wp-json\/wp\/v2\/types\/post"}],"author":[{"embeddable":true,"href":"https:\/\/ra-stein-sonntag.de\/news\/wp-json\/wp\/v2\/users\/1"}],"replies":[{"embeddable":true,"href":"https:\/\/ra-stein-sonntag.de\/news\/wp-json\/wp\/v2\/comments?post=1502"}],"version-history":[{"count":1,"href":"https:\/\/ra-stein-sonntag.de\/news\/wp-json\/wp\/v2\/posts\/1502\/revisions"}],"predecessor-version":[{"id":1503,"href":"https:\/\/ra-stein-sonntag.de\/news\/wp-json\/wp\/v2\/posts\/1502\/revisions\/1503"}],"wp:attachment":[{"href":"https:\/\/ra-stein-sonntag.de\/news\/wp-json\/wp\/v2\/media?parent=1502"}],"wp:term":[{"taxonomy":"category","embeddable":true,"href":"https:\/\/ra-stein-sonntag.de\/news\/wp-json\/wp\/v2\/categories?post=1502"},{"taxonomy":"post_tag","embeddable":true,"href":"https:\/\/ra-stein-sonntag.de\/news\/wp-json\/wp\/v2\/tags?post=1502"}],"curies":[{"name":"wp","href":"https:\/\/api.w.org\/{rel}","templated":true}]}}