{"id":1500,"date":"2026-01-24T10:45:51","date_gmt":"2026-01-24T09:45:51","guid":{"rendered":"https:\/\/ra-stein-sonntag.de\/news\/?p=1500"},"modified":"2026-01-24T10:45:51","modified_gmt":"2026-01-24T09:45:51","slug":"so-urteilt-das-arbg-nuernberg-rechtsstreit-um-zugang-einer-gekuendigten-betriebsraetin-zum-betrieb","status":"publish","type":"post","link":"https:\/\/ra-stein-sonntag.de\/news\/2026\/01\/24\/so-urteilt-das-arbg-nuernberg-rechtsstreit-um-zugang-einer-gekuendigten-betriebsraetin-zum-betrieb\/","title":{"rendered":"So urteilt das ArbG N\u00fcrnberg: Rechtsstreit um Zugang einer gek\u00fcndigten Betriebsr\u00e4tin zum Betrieb"},"content":{"rendered":"\n<p>Das Arbeitsgericht N\u00fcrnberg hat am 15.01.2026 dem Eilantrag einer gek\u00fcndigten Betriebsr\u00e4tin teilweise stattgegeben, zeitweise wieder Zugang zum Betrieb zu erhalten, um Wahlwerbung f\u00fcr die anstehende Betriebsratswahl betreiben zu k\u00f6nnen. Siemens Energy hatte dem Betriebsratsmitglied nach erteilter Zustimmung des Betriebsrats fristlos gek\u00fcndigt. Hiergegen hat das Betriebsratsmitglied zum einen K\u00fcndigungsschutzklage erhoben, welche derzeit noch Gegenstand eines weiteren laufenden Verfahrens ist. <\/p>\n\n\n\n<p>Zum anderen hat das Betriebsratsmitglied in dem heute verhandelten Eilverfahren beantragt, auch schon vor Entscheidung<br>\u00fcber die K\u00fcndigung den Betrieb bis zur Betriebsratswahl im M\u00e4rz 2026 wieder betreten zu d\u00fcrfen und Zugang zum E-Mail-Server sowie zu elektronischen Kommunikationsplattformen des Betriebs zu erhalten.<\/p>\n\n\n\n<p><br>Das Arbeitsgericht N\u00fcrnberg gab dem Antrag teilweise statt und verpflichtete den Antragsgegner unter Androhung von Zwangsmitteln, den Zugang zum Werksgel\u00e4nde bis einschlie\u00dflich 05.03.2026 jeweils werktags in der Zeit zwischen 11.00 Uhr und 14.00 Uhr zu gew\u00e4hren. Zur Begr\u00fcndung verwies die Kammer darauf, dass auch gek\u00fcndigte Arbeitnehmerinnen, die<br>K\u00fcndigungsschutzklage erhoben haben, weiterhin zum Betriebsrat w\u00e4hlbar seien. Um auch solchen Wahlbewerberinnen die Wahlwerbung zu erm\u00f6glichen, sei es notwendig, den zeitweisen Zugang zum Betrieb zu erhalten. Den weitergehenden Antrag hat das Gericht dagegen zur\u00fcckgewiesen. Ein Zugang auch zum betrieblichen E-Mail-Server und zur betrieblichen elektronischen Kommunikationsplattform sei in dieser Konstellation f\u00fcr die Wahlwerbung nicht erforderlich und gehe zu weit.<br><\/p>\n\n\n\n<p>Die Entscheidung ist noch nicht rechtskr\u00e4ftig (Az. 9 BVGa 3\/26).<br><br>Quelle: Pressestelle des Arbeitsgerichts N\u00fcrnberg vom 15. Januar 2026 <\/p>\n","protected":false},"excerpt":{"rendered":"<p>Das Arbeitsgericht N\u00fcrnberg hat am 15.01.2026 dem Eilantrag einer gek\u00fcndigten Betriebsr\u00e4tin teilweise stattgegeben, zeitweise wieder Zugang zum Betrieb zu erhalten, [&hellip;]<\/p>\n","protected":false},"author":1,"featured_media":0,"comment_status":"closed","ping_status":"closed","sticky":false,"template":"","format":"standard","meta":[],"categories":[2],"tags":[6,5,95,270],"_links":{"self":[{"href":"https:\/\/ra-stein-sonntag.de\/news\/wp-json\/wp\/v2\/posts\/1500"}],"collection":[{"href":"https:\/\/ra-stein-sonntag.de\/news\/wp-json\/wp\/v2\/posts"}],"about":[{"href":"https:\/\/ra-stein-sonntag.de\/news\/wp-json\/wp\/v2\/types\/post"}],"author":[{"embeddable":true,"href":"https:\/\/ra-stein-sonntag.de\/news\/wp-json\/wp\/v2\/users\/1"}],"replies":[{"embeddable":true,"href":"https:\/\/ra-stein-sonntag.de\/news\/wp-json\/wp\/v2\/comments?post=1500"}],"version-history":[{"count":1,"href":"https:\/\/ra-stein-sonntag.de\/news\/wp-json\/wp\/v2\/posts\/1500\/revisions"}],"predecessor-version":[{"id":1501,"href":"https:\/\/ra-stein-sonntag.de\/news\/wp-json\/wp\/v2\/posts\/1500\/revisions\/1501"}],"wp:attachment":[{"href":"https:\/\/ra-stein-sonntag.de\/news\/wp-json\/wp\/v2\/media?parent=1500"}],"wp:term":[{"taxonomy":"category","embeddable":true,"href":"https:\/\/ra-stein-sonntag.de\/news\/wp-json\/wp\/v2\/categories?post=1500"},{"taxonomy":"post_tag","embeddable":true,"href":"https:\/\/ra-stein-sonntag.de\/news\/wp-json\/wp\/v2\/tags?post=1500"}],"curies":[{"name":"wp","href":"https:\/\/api.w.org\/{rel}","templated":true}]}}