{"id":1391,"date":"2025-06-15T13:01:10","date_gmt":"2025-06-15T11:01:10","guid":{"rendered":"https:\/\/ra-stein-sonntag.de\/news\/?p=1391"},"modified":"2025-06-15T13:01:10","modified_gmt":"2025-06-15T11:01:10","slug":"arbeitsrecht-erstaunliche-rechtsirrtuemer-als-schwerbehinderter-bin-ich-unkuendbar-2","status":"publish","type":"post","link":"https:\/\/ra-stein-sonntag.de\/news\/2025\/06\/15\/arbeitsrecht-erstaunliche-rechtsirrtuemer-als-schwerbehinderter-bin-ich-unkuendbar-2\/","title":{"rendered":"Arbeitsrecht: Erstaunliche Rechtsirrt\u00fcmer       \u201eAls Schwerbehinderter bin ich unk\u00fcndbar!\u201c"},"content":{"rendered":"\n<p>Diese Aussage ist falsch!<\/p>\n\n\n\n<p>Die Anerkennung als Schwerbehinderter oder Gleichgestellter wirkt nicht als Unk\u00fcndbarkeitsgarantie. F\u00fcr Schwerbehinderte oder Gleichgestellte gilt vor dem Ausspruch einer K\u00fcndigung besonderer zus\u00e4tzlicher K\u00fcndigungsschutz. Im Fall einer K\u00fcndigung muss der Arbeitgeber die vorherige Zustimmung des Integrationsamts einholen. Das Integrationsamt pr\u00fcft auf Antrag des Arbeitgebers, ob die geplante K\u00fcndigung mit der Behinderung im Zusammenhang steht. Falls ein Zusammenhang besteht, wird die Zustimmung verweigert. Zudem muss der Arbeitgeber bei Bestehen einer Schwerbehindertenvertretung vor jeder K\u00fcndigung diese beteiligen.<\/p>\n\n\n\n<p>In einem Beispielsfall vor dem Landesarbeitsgericht D\u00fcsseldorf (Urteil vom 10.12.2020, AZ: 5 Sa 231\/20) wurde ein schwerbehinderter Arbeitnehmer nach Zustimmung des Integrationsamts gek\u00fcndigt. Die Arbeitgeberseite hat die K\u00fcndigung mit schweren rassistischen und beleidigenden \u00c4u\u00dferungen gegen\u00fcber t\u00fcrkisch st\u00e4mmigen Fremdfirmenmitarbeitern begr\u00fcndet. Der schwerbehinderte Kl\u00e4ger hat sich als unantastbar angesehen, dem man nichts anhaben k\u00f6nne, weil er einen Behindertenausweis habe.<\/p>\n\n\n\n<p>Diese Annahme war unrichtig. Die Arbeitsgerichte haben in den \u00c4u\u00dferungen nicht hinnehmbare Beleidigungen gesehen und die K\u00fcndigung als wirksam qualifiziert.<\/p>\n\n\n\n<p>Oliver Sonntag<br>Rechtsanwalt<br>Fachanwalt f\u00fcr Arbeitsrecht<\/p>\n","protected":false},"excerpt":{"rendered":"<p>Diese Aussage ist falsch! Die Anerkennung als Schwerbehinderter oder Gleichgestellter wirkt nicht als Unk\u00fcndbarkeitsgarantie. F\u00fcr Schwerbehinderte oder Gleichgestellte gilt vor [&hellip;]<\/p>\n","protected":false},"author":1,"featured_media":0,"comment_status":"closed","ping_status":"closed","sticky":false,"template":"","format":"standard","meta":[],"categories":[2],"tags":[92,47,6,5,45,95],"_links":{"self":[{"href":"https:\/\/ra-stein-sonntag.de\/news\/wp-json\/wp\/v2\/posts\/1391"}],"collection":[{"href":"https:\/\/ra-stein-sonntag.de\/news\/wp-json\/wp\/v2\/posts"}],"about":[{"href":"https:\/\/ra-stein-sonntag.de\/news\/wp-json\/wp\/v2\/types\/post"}],"author":[{"embeddable":true,"href":"https:\/\/ra-stein-sonntag.de\/news\/wp-json\/wp\/v2\/users\/1"}],"replies":[{"embeddable":true,"href":"https:\/\/ra-stein-sonntag.de\/news\/wp-json\/wp\/v2\/comments?post=1391"}],"version-history":[{"count":1,"href":"https:\/\/ra-stein-sonntag.de\/news\/wp-json\/wp\/v2\/posts\/1391\/revisions"}],"predecessor-version":[{"id":1392,"href":"https:\/\/ra-stein-sonntag.de\/news\/wp-json\/wp\/v2\/posts\/1391\/revisions\/1392"}],"wp:attachment":[{"href":"https:\/\/ra-stein-sonntag.de\/news\/wp-json\/wp\/v2\/media?parent=1391"}],"wp:term":[{"taxonomy":"category","embeddable":true,"href":"https:\/\/ra-stein-sonntag.de\/news\/wp-json\/wp\/v2\/categories?post=1391"},{"taxonomy":"post_tag","embeddable":true,"href":"https:\/\/ra-stein-sonntag.de\/news\/wp-json\/wp\/v2\/tags?post=1391"}],"curies":[{"name":"wp","href":"https:\/\/api.w.org\/{rel}","templated":true}]}}