{"id":1365,"date":"2025-04-06T10:18:03","date_gmt":"2025-04-06T08:18:03","guid":{"rendered":"https:\/\/ra-stein-sonntag.de\/news\/?p=1365"},"modified":"2025-04-06T10:18:03","modified_gmt":"2025-04-06T08:18:03","slug":"arbeitsrecht-erstaunliche-rechtsirrtuemer-wenn-der-arbeitgeber-eine-vielzahl-unberechtigter-abmahnungen-ausspricht-habe-ich-anspruch-auf-schadensersatz-wegen-mobbing","status":"publish","type":"post","link":"https:\/\/ra-stein-sonntag.de\/news\/2025\/04\/06\/arbeitsrecht-erstaunliche-rechtsirrtuemer-wenn-der-arbeitgeber-eine-vielzahl-unberechtigter-abmahnungen-ausspricht-habe-ich-anspruch-auf-schadensersatz-wegen-mobbing\/","title":{"rendered":"Arbeitsrecht: Erstaunliche Rechtsirrt\u00fcmer!  \u201eWenn der Arbeitgeber eine Vielzahl unberechtigter Abmahnungen ausspricht, habe ich Anspruch auf Schadensersatz wegen Mobbing!\u201c"},"content":{"rendered":"\n<p>Diese Aussage ist \u2013 so pauschal \u2013 falsch!<\/p>\n\n\n\n<p>Das Landesarbeitsgericht (LAG) K\u00f6ln hat eine Klage auf Zahlung von 53.000,00 \u20ac Schmerzensgeld wegen Mobbing abgewiesen (Urteil vom 10.07.2020, Az. 4 Sa 118\/20). Der Arbeitgeber hat insgesamt 14 Abmahnungen, eine verhaltensbedingte K\u00fcndigung und zwei K\u00fcndigungszustimmungsverfahren beim Integrationsamt ausgesprochen. Au\u00dferdem wurde ein Rechtsstreit \u00fcber nicht gezahlte Arbeitsverg\u00fctung gef\u00fchrt.<\/p>\n\n\n\n<p>Das LAG hat die Klage abgewiesen, weil alleine in dem Ausspruch von Abmahnungen keine rechtlich verwertbaren Mobbinghandlungen zu sehen sind. Wenn die Abmahnungen einen sachlichen Grund erkennen lassen, handelt es sich um eine vertretbare Rechteaus\u00fcbung durch den Arbeitgeber ohne Schikane-\/Mobbingcharakter. In diesem Zusammenhang ist es auch irrelevant, dass die Abmahnungen \u00fcberwiegend durch Arbeitsgerichte als unwirksam erkl\u00e4rt worden sind.<\/p>\n\n\n\n<p>Oliver Sonntag<br>Rechtsanwalt<br>Fachanwalt f\u00fcr Arbeitsrecht<\/p>\n","protected":false},"excerpt":{"rendered":"<p>Diese Aussage ist \u2013 so pauschal \u2013 falsch! Das Landesarbeitsgericht (LAG) K\u00f6ln hat eine Klage auf Zahlung von 53.000,00 \u20ac [&hellip;]<\/p>\n","protected":false},"author":1,"featured_media":0,"comment_status":"closed","ping_status":"closed","sticky":false,"template":"","format":"standard","meta":[],"categories":[2],"tags":[92,47,6,5,45],"_links":{"self":[{"href":"https:\/\/ra-stein-sonntag.de\/news\/wp-json\/wp\/v2\/posts\/1365"}],"collection":[{"href":"https:\/\/ra-stein-sonntag.de\/news\/wp-json\/wp\/v2\/posts"}],"about":[{"href":"https:\/\/ra-stein-sonntag.de\/news\/wp-json\/wp\/v2\/types\/post"}],"author":[{"embeddable":true,"href":"https:\/\/ra-stein-sonntag.de\/news\/wp-json\/wp\/v2\/users\/1"}],"replies":[{"embeddable":true,"href":"https:\/\/ra-stein-sonntag.de\/news\/wp-json\/wp\/v2\/comments?post=1365"}],"version-history":[{"count":1,"href":"https:\/\/ra-stein-sonntag.de\/news\/wp-json\/wp\/v2\/posts\/1365\/revisions"}],"predecessor-version":[{"id":1366,"href":"https:\/\/ra-stein-sonntag.de\/news\/wp-json\/wp\/v2\/posts\/1365\/revisions\/1366"}],"wp:attachment":[{"href":"https:\/\/ra-stein-sonntag.de\/news\/wp-json\/wp\/v2\/media?parent=1365"}],"wp:term":[{"taxonomy":"category","embeddable":true,"href":"https:\/\/ra-stein-sonntag.de\/news\/wp-json\/wp\/v2\/categories?post=1365"},{"taxonomy":"post_tag","embeddable":true,"href":"https:\/\/ra-stein-sonntag.de\/news\/wp-json\/wp\/v2\/tags?post=1365"}],"curies":[{"name":"wp","href":"https:\/\/api.w.org\/{rel}","templated":true}]}}