{"id":1225,"date":"2024-07-06T13:47:49","date_gmt":"2024-07-06T11:47:49","guid":{"rendered":"https:\/\/ra-stein-sonntag.de\/news\/?p=1225"},"modified":"2024-07-06T13:47:49","modified_gmt":"2024-07-06T11:47:49","slug":"so-urteilt-das-arbg-aachen-mittels-app-eingesetzte-auslieferungsfahrer-in-einem-abgrenzbaren-liefergebiet-koennen-einen-eigenstaendigen-betriebsrat-waehlen","status":"publish","type":"post","link":"https:\/\/ra-stein-sonntag.de\/news\/2024\/07\/06\/so-urteilt-das-arbg-aachen-mittels-app-eingesetzte-auslieferungsfahrer-in-einem-abgrenzbaren-liefergebiet-koennen-einen-eigenstaendigen-betriebsrat-waehlen\/","title":{"rendered":"So urteilt das ArbG Aachen: Mittels App eingesetzte Auslieferungsfahrer in einem abgrenzbaren Liefergebiet k\u00f6nnen einen eigenst\u00e4ndigen Betriebsrat w\u00e4hlen"},"content":{"rendered":"\n<p>In einem nunmehr ver\u00f6ffentlichten Beschluss vom 23. April 2024 hat die 2. Kammer des Arbeitsgerichts Aachen entschieden, dass die innerhalb eines abgrenzbaren Liefergebietes t\u00e4tigen Arbeitnehmer eines Onlinemarktplatzes einen eigenen Betriebsrat w\u00e4hlen k\u00f6nnen.<\/p>\n\n\n\n<p>Die Arbeitgeberin ist ein Lieferdienst, der \u00fcber ein Onlineportal die Bestellung und Auslieferung der von ihren Partnerrestaurants angebotenen Speisen und Getr\u00e4nke organisiert. Im Mai 2023 w\u00e4hlten die Auslieferungsfahrer des Liefergebietes Aachen einen dreik\u00f6pfigen Betriebsrat. Diese Wahl h\u00e4lt die Arbeitgeberin f\u00fcr unwirksam, da das Liefergebiet Aachen \u00fcber keine hinreichende organisatorische Selbstst\u00e4ndigkeit verf\u00fcge. Vielmehr w\u00fcrden die Besch\u00e4ftigten in Aachen mit den in K\u00f6ln t\u00e4tigen Arbeitnehmern einen einheitlichen Betrieb bilden.<\/p>\n\n\n\n<p>Das Arbeitsgericht Aachen wies die Wahlanfechtung der Arbeitgeberin zur\u00fcck. Auch in einem qualifizierten Betriebsteil im Sinne des \u00a7 4 BetrVG k\u00f6nne ein eigenst\u00e4ndiger Betriebsrat gew\u00e4hlt werden. Diese Voraussetzungen erf\u00fclle das Liefergebiet Aachen. Gegen\u00fcber dem Hauptbetrieb sei es r\u00e4umlich und organisatorisch abgrenzbar. Die Auslieferungsfahrer seien dem Liefergebiet fest zugeordnet; einen Austausch von Arbeitnehmern, etwa mit dem Liefergebiet K\u00f6ln, gebe es nicht. Auch sei die den Einsatz der Arbeitnehmer bestimmende Einheit hinreichend institutionalisiert. Da die Arbeitgeberin den Arbeitseinsatz der Arbeitnehmer digital durch eine App steuere, sei es ausreichend, wenn alle Arbeitnehmer der abgrenzbaren Einheit den Weisungsrechten einer Leitungsmacht unterstehen w\u00fcrden, die f\u00fcr die Einheit zust\u00e4ndig sei. Es komme nicht darauf an, dass eine Person r\u00e4umlich vor Ort in dem Betriebsteil anwesend sei, die Weisungsrechte per App auf den Weg bringe.<\/p>\n\n\n\n<p>Arbeitsgericht Aachen, Beschluss vom 23. April 2024 \u2013 Az. 2 BV 56\/23<\/p>\n\n\n\n<p>Quelle: Arbeitsgericht Aachen, Pressemitteilung vom 28.06.2024<\/p>\n","protected":false},"excerpt":{"rendered":"<p>In einem nunmehr ver\u00f6ffentlichten Beschluss vom 23. April 2024 hat die 2. Kammer des Arbeitsgerichts Aachen entschieden, dass die innerhalb [&hellip;]<\/p>\n","protected":false},"author":1,"featured_media":0,"comment_status":"closed","ping_status":"closed","sticky":false,"template":"","format":"standard","meta":[],"categories":[2],"tags":[6,5,115,95],"_links":{"self":[{"href":"https:\/\/ra-stein-sonntag.de\/news\/wp-json\/wp\/v2\/posts\/1225"}],"collection":[{"href":"https:\/\/ra-stein-sonntag.de\/news\/wp-json\/wp\/v2\/posts"}],"about":[{"href":"https:\/\/ra-stein-sonntag.de\/news\/wp-json\/wp\/v2\/types\/post"}],"author":[{"embeddable":true,"href":"https:\/\/ra-stein-sonntag.de\/news\/wp-json\/wp\/v2\/users\/1"}],"replies":[{"embeddable":true,"href":"https:\/\/ra-stein-sonntag.de\/news\/wp-json\/wp\/v2\/comments?post=1225"}],"version-history":[{"count":1,"href":"https:\/\/ra-stein-sonntag.de\/news\/wp-json\/wp\/v2\/posts\/1225\/revisions"}],"predecessor-version":[{"id":1226,"href":"https:\/\/ra-stein-sonntag.de\/news\/wp-json\/wp\/v2\/posts\/1225\/revisions\/1226"}],"wp:attachment":[{"href":"https:\/\/ra-stein-sonntag.de\/news\/wp-json\/wp\/v2\/media?parent=1225"}],"wp:term":[{"taxonomy":"category","embeddable":true,"href":"https:\/\/ra-stein-sonntag.de\/news\/wp-json\/wp\/v2\/categories?post=1225"},{"taxonomy":"post_tag","embeddable":true,"href":"https:\/\/ra-stein-sonntag.de\/news\/wp-json\/wp\/v2\/tags?post=1225"}],"curies":[{"name":"wp","href":"https:\/\/api.w.org\/{rel}","templated":true}]}}