{"id":1210,"date":"2024-06-07T11:01:06","date_gmt":"2024-06-07T09:01:06","guid":{"rendered":"https:\/\/ra-stein-sonntag.de\/news\/?p=1210"},"modified":"2024-06-07T11:01:06","modified_gmt":"2024-06-07T09:01:06","slug":"arbeitsrecht-erstaunliche-rechtsirrtuemer-eine-abfindung-ist-auf-das-arbeitslosengeld-anzurechnen-4","status":"publish","type":"post","link":"https:\/\/ra-stein-sonntag.de\/news\/2024\/06\/07\/arbeitsrecht-erstaunliche-rechtsirrtuemer-eine-abfindung-ist-auf-das-arbeitslosengeld-anzurechnen-4\/","title":{"rendered":"Arbeitsrecht: Erstaunliche Rechtsirrt\u00fcmer!   \u201eEine Abfindung ist auf das Arbeitslosengeld anzurechnen!\u201c"},"content":{"rendered":"\n<p>Diese Aussage ist nicht richtig.<\/p>\n\n\n\n<p>Grunds\u00e4tzlich ist eine Abfindung nicht auf das Arbeitslosengeld anzurechnen. Nur dann, wenn das Arbeitsverh\u00e4ltnis ohne Einhaltung einer der ordentlichen K\u00fcndigungsfrist des Arbeitgebers entsprechenden Frist beendet worden ist und dem Arbeitnehmer wegen der Beendigung des Arbeitsverh\u00e4ltnisses eine Abfindung gezahlt wird, kann es gem\u00e4\u00df \u00a7 158 SGB III zum Ruhen des Arbeitslosengeldanspruchs kommen.<\/p>\n\n\n\n<p>Zwei Aspekte sind in diesem Zusammenhang wichtig. Zum einen besteht w\u00e4hrend der Ruhenszeit kein Kranken- und Pflegeversicherungsschutz. Zum anderen verk\u00fcrzt der Ruhenszeitraum nicht den Bezugszeitraum des Arbeitslosengeldes. Sollte der vollst\u00e4ndige Arbeitslosengeldzeitraum ausgesch\u00f6pft werden, w\u00fcrde die Agentur gleichviel Arbeitslosengeld auszahlen. Nur dann, wenn vor der vollst\u00e4ndigen Aussch\u00f6pfung bereits eine neue Arbeitsstelle gefunden wird, w\u00fcrde es durch das Ruhen tats\u00e4chlich zu einer geringeren Auszahlung von Arbeitslosengeld kommen.<\/p>\n\n\n\n<p>Im Zusammenhang mit einer Abfindung ist also darauf zu achten, dass die ordentlichen K\u00fcndigungsfrist nicht verk\u00fcrzt wird. Zudem kann es bei Abschluss von Aufhebungsvertr\u00e4gen zur Verh\u00e4ngung einer Sperrzeit kommen.<\/p>\n\n\n\n<p>Oliver Sonntag<br>Rechtsanwalt<br>Fachanwalt f\u00fcr Arbeitsrecht<\/p>\n","protected":false},"excerpt":{"rendered":"<p>Diese Aussage ist nicht richtig. Grunds\u00e4tzlich ist eine Abfindung nicht auf das Arbeitslosengeld anzurechnen. Nur dann, wenn das Arbeitsverh\u00e4ltnis ohne [&hellip;]<\/p>\n","protected":false},"author":1,"featured_media":0,"comment_status":"closed","ping_status":"closed","sticky":false,"template":"","format":"standard","meta":[],"categories":[2],"tags":[92,6,5,45,95],"_links":{"self":[{"href":"https:\/\/ra-stein-sonntag.de\/news\/wp-json\/wp\/v2\/posts\/1210"}],"collection":[{"href":"https:\/\/ra-stein-sonntag.de\/news\/wp-json\/wp\/v2\/posts"}],"about":[{"href":"https:\/\/ra-stein-sonntag.de\/news\/wp-json\/wp\/v2\/types\/post"}],"author":[{"embeddable":true,"href":"https:\/\/ra-stein-sonntag.de\/news\/wp-json\/wp\/v2\/users\/1"}],"replies":[{"embeddable":true,"href":"https:\/\/ra-stein-sonntag.de\/news\/wp-json\/wp\/v2\/comments?post=1210"}],"version-history":[{"count":1,"href":"https:\/\/ra-stein-sonntag.de\/news\/wp-json\/wp\/v2\/posts\/1210\/revisions"}],"predecessor-version":[{"id":1211,"href":"https:\/\/ra-stein-sonntag.de\/news\/wp-json\/wp\/v2\/posts\/1210\/revisions\/1211"}],"wp:attachment":[{"href":"https:\/\/ra-stein-sonntag.de\/news\/wp-json\/wp\/v2\/media?parent=1210"}],"wp:term":[{"taxonomy":"category","embeddable":true,"href":"https:\/\/ra-stein-sonntag.de\/news\/wp-json\/wp\/v2\/categories?post=1210"},{"taxonomy":"post_tag","embeddable":true,"href":"https:\/\/ra-stein-sonntag.de\/news\/wp-json\/wp\/v2\/tags?post=1210"}],"curies":[{"name":"wp","href":"https:\/\/api.w.org\/{rel}","templated":true}]}}