{"id":1089,"date":"2023-08-22T09:55:40","date_gmt":"2023-08-22T07:55:40","guid":{"rendered":"https:\/\/ra-stein-sonntag.de\/news\/?p=1089"},"modified":"2023-08-22T09:55:40","modified_gmt":"2023-08-22T07:55:40","slug":"arbeitsgericht-luebeck-ausserordentliche-kuendigung-eines-kirchenmusikers-wegen-verpassens-einer-trauerfeier","status":"publish","type":"post","link":"https:\/\/ra-stein-sonntag.de\/news\/2023\/08\/22\/arbeitsgericht-luebeck-ausserordentliche-kuendigung-eines-kirchenmusikers-wegen-verpassens-einer-trauerfeier\/","title":{"rendered":"Arbeitsgericht L\u00fcbeck: Au\u00dferordentliche K\u00fcndigung eines Kirchenmusikers wegen Verpassens einer Trauerfeier?"},"content":{"rendered":"\n<p>Nicht jedes unentschuldigte Verpassen einer Trauerfeier oder eines Gottesdienstes berechtigt die Kirchengemeinde zur au\u00dferordentlichen K\u00fcndigung eines langj\u00e4hrig besch\u00e4ftigten Kirchenmusikers. Selbst wenn das Arbeitsverh\u00e4ltnis bereits mit Abmahnungen vorbelastet ist, m\u00fcssen diese den Themenbereich des K\u00fcndigungsvorwurfs betreffen, um eine K\u00fcndigung zu rechtfertigen. Dies hat das Arbeitsgericht L\u00fcbeck am 15. Juni 2023 entschieden (1\u00a0Ca\u00a0323 \u00f6D\/23).<\/p>\n\n\n\n<p>Der Kl\u00e4ger ist bei einer Kirchengemeinde seit mehr als 25 Jahren als Kirchenmusiker besch\u00e4ftigt. Aufgrund seiner langj\u00e4hrigen Besch\u00e4ftigung kann dem Kl\u00e4ger nicht mehr ordentlich gek\u00fcndigt werden. Er erhielt in 2022 bereits drei Abmahnungen. Im Dezember 2022 sagte der Kl\u00e4ger gegen\u00fcber dem Gemeindeb\u00fcro verbindlich die musikalische Begleitung einer vier Tage sp\u00e4ter stattfindenden Trauerfeier zu. Noch am gleichen Tage sprach der zust\u00e4ndige Pastor die f\u00fcr die Trauerfeier vorgesehene Liederauswahl auf den Anrufbeantworter des Kl\u00e4gers. Dieser erschien aber nicht zur Trauerfeier und war auch telefonisch nicht erreichbar. Einer Bitte des Pastors um R\u00fcckruf kam er auch nicht nach. Drei Tage sp\u00e4ter entschuldigte sich der Kl\u00e4ger per E-Mail und begr\u00fcndete sein Fehlen mit einem seit Tagen anhaltenden Dauereinsatz f\u00fcr ein Kindermusical. Die beklagte Kirchengemeinde ging von vors\u00e4tzlichem Verhalten des Kl\u00e4gers aus und k\u00fcndigte ihm unter dem 8. Februar 2023 au\u00dferordentlich.<\/p>\n\n\n\n<p>Das Arbeitsgericht hat der K\u00fcndigungsschutzklage stattgegeben. Es war nicht \u00fcberzeugt, dass der Kl\u00e4ger den Termin vors\u00e4tzlich verpasst hat. Das fahrl\u00e4ssige \u00dcbersehen der Trauerfeier, die fehlende Erreichbarkeit und das Verhalten im Nachhinein sind zwar gravierende Vertragsverst\u00f6\u00dfe, reichen aber ohne eine vorherige thematisch einschl\u00e4gige Abmahnung nicht zum Ausspruch einer au\u00dferordentlichen K\u00fcndigung aus. Die gegen\u00fcber dem Kl\u00e4ger ausgesprochenen Abmahnungen bezogen sich nach Auffassung des Arbeitsgerichts aber auf ganz andere Themen und konnten deshalb nicht zur Begr\u00fcndung der K\u00fcndigung herangezogen werden.<\/p>\n\n\n\n<p>Die Entscheidung ist nicht rechtskr\u00e4ftig.<\/p>\n\n\n\n<p>Arbeitsgericht L\u00fcbeck, Urteil vom 15.06.2023, 1\u00a0Ca\u00a0323 \u00f6D\/23<br>Quelle: Arbeitsgericht L\u00fcbeck, Pressemitteilung vom 16.08.2023<\/p>\n","protected":false},"excerpt":{"rendered":"<p>Nicht jedes unentschuldigte Verpassen einer Trauerfeier oder eines Gottesdienstes berechtigt die Kirchengemeinde zur au\u00dferordentlichen K\u00fcndigung eines langj\u00e4hrig besch\u00e4ftigten Kirchenmusikers. Selbst [&hellip;]<\/p>\n","protected":false},"author":1,"featured_media":0,"comment_status":"closed","ping_status":"closed","sticky":false,"template":"","format":"standard","meta":[],"categories":[2],"tags":[5,42,19,95],"_links":{"self":[{"href":"https:\/\/ra-stein-sonntag.de\/news\/wp-json\/wp\/v2\/posts\/1089"}],"collection":[{"href":"https:\/\/ra-stein-sonntag.de\/news\/wp-json\/wp\/v2\/posts"}],"about":[{"href":"https:\/\/ra-stein-sonntag.de\/news\/wp-json\/wp\/v2\/types\/post"}],"author":[{"embeddable":true,"href":"https:\/\/ra-stein-sonntag.de\/news\/wp-json\/wp\/v2\/users\/1"}],"replies":[{"embeddable":true,"href":"https:\/\/ra-stein-sonntag.de\/news\/wp-json\/wp\/v2\/comments?post=1089"}],"version-history":[{"count":1,"href":"https:\/\/ra-stein-sonntag.de\/news\/wp-json\/wp\/v2\/posts\/1089\/revisions"}],"predecessor-version":[{"id":1090,"href":"https:\/\/ra-stein-sonntag.de\/news\/wp-json\/wp\/v2\/posts\/1089\/revisions\/1090"}],"wp:attachment":[{"href":"https:\/\/ra-stein-sonntag.de\/news\/wp-json\/wp\/v2\/media?parent=1089"}],"wp:term":[{"taxonomy":"category","embeddable":true,"href":"https:\/\/ra-stein-sonntag.de\/news\/wp-json\/wp\/v2\/categories?post=1089"},{"taxonomy":"post_tag","embeddable":true,"href":"https:\/\/ra-stein-sonntag.de\/news\/wp-json\/wp\/v2\/tags?post=1089"}],"curies":[{"name":"wp","href":"https:\/\/api.w.org\/{rel}","templated":true}]}}